{"id":518,"date":"2025-05-20T18:19:06","date_gmt":"2025-05-20T18:19:06","guid":{"rendered":"https:\/\/wmaconnection.se\/?p=518"},"modified":"2025-05-20T19:44:28","modified_gmt":"2025-05-20T19:44:28","slug":"vad-innebar-f-skatt-och-varfor-ar-det-viktigt","status":"publish","type":"post","link":"https:\/\/wmaconnection.se\/pl\/vad-innebar-f-skatt-och-varfor-ar-det-viktigt\/","title":{"rendered":"Co to jest podatek F i dlaczego jest wa\u017cny?"},"content":{"rendered":"<p>Mie\u0107 <strong>F-podatek<\/strong> jest podstawowym wymogiem prowadzenia dzia\u0142alno\u015bci gospodarczej w Szwecji jako osoba samozatrudniona. Jest to dow\u00f3d na to, \u017ce jeste\u015b odpowiedzialny za op\u0142acenie <strong>podatki i op\u0142aty<\/strong>, takie jak podatek dochodowy i sk\u0142adki osobiste.<\/p><h4 class=\"wp-block-heading\">Co to jest podatek F?<\/h4><p>F-podatek (skr\u00f3t od entrepreneurial taxation) jest <strong>formularz podatkowy<\/strong> dla os\u00f3b prowadz\u0105cych dzia\u0142alno\u015b\u0107 gospodarcz\u0105. Je\u015bli masz podatek F, oznacza to, \u017ce:<\/p><ul class=\"wp-block-list\"><li>Samodzielne op\u0142acenie wst\u0119pnego podatku<\/li>\n\n<li>Samodzielnie op\u0142acane sk\u0142adki na ubezpieczenie spo\u0142eczne (sk\u0142adki w\u0142asne)<\/li>\n\n<li>Jest autoryzowany przez Szwedzk\u0105 Agencj\u0119 Podatkow\u0105 jako przedsi\u0119biorca<\/li><\/ul><p>Otrzymujesz tzw. <strong>Tarcza podatkowa F<\/strong> (cyfrowe), kt\u00f3re s\u0105 wy\u015bwietlane podczas fakturowania klient\u00f3w.<\/p><h4 class=\"wp-block-heading\">Kto potrzebuje podatku F?<\/h4><p>Podatek F ma zastosowanie do Ciebie jako operatora:<\/p><ul class=\"wp-block-list\"><li>Jednoosobowa dzia\u0142alno\u015b\u0107 gospodarcza<\/li>\n\n<li>Sp\u00f3\u0142ka z ograniczon\u0105 odpowiedzialno\u015bci\u0105<\/li>\n\n<li>Sp\u00f3\u0142ki handlowe<\/li>\n\n<li>Jako freelancer, konsultant lub rzemie\u015blnik<\/li><\/ul><p>Nawet ludzie, kt\u00f3rzy maj\u0105 <strong>dzia\u0142ania pomocnicze<\/strong> obok zatrudnienia mo\u017ce wymaga\u0107 <strong>Podatek FA<\/strong>po\u0142\u0105czenie podatku F i podatku A.<\/p><h4 class=\"wp-block-heading\">\ud83d\udee0\ufe0f Dlaczego podatek F jest wa\u017cny?<\/h4><ol class=\"wp-block-list\"><li><strong>Niezb\u0119dne do fakturowania jako przedsi\u0119biorca<\/strong><br>Wi\u0119kszo\u015b\u0107 pracodawc\u00f3w wymaga posiadania F-tax, w przeciwnym razie jeste\u015b traktowany jako pracownik do cel\u00f3w podatkowych.<\/li>\n\n<li><strong>Daje wiarygodno\u015b\u0107<\/strong><br>Rejestracja w F-tax pokazuje, \u017ce masz uporz\u0105dkowane finanse i powa\u017cnie podchodzisz do swojej dzia\u0142alno\u015bci.<\/li>\n\n<li><strong>Odpowiedzialno\u015b\u0107 osobista<\/strong><br>W przypadku F-tax ponosisz pe\u0142n\u0105 odpowiedzialno\u015b\u0107 za deklarowanie i p\u0142acenie podatku i VAT co miesi\u0105c lub co kwarta\u0142 - dlatego wa\u017cne jest, aby mie\u0107 dobre rozwi\u0105zanie ksi\u0119gowe.<\/li><\/ol><h4 class=\"wp-block-heading\">Jak z\u0142o\u017cy\u0107 wniosek o podatek F?<\/h4><p>Przejd\u017a do <a class=\"\" href=\"https:\/\/skatteverket.se\" target=\"_blank\" rel=\"noopener\">Skatteverket.se<\/a> i zaloguj si\u0119 za pomoc\u0105 BankID. Podaj szczeg\u00f3\u0142y swojej firmy, oczekiwany doch\u00f3d i za\u0142\u0105cz wszelkie dokumenty potwierdzaj\u0105ce.<\/p><p>\ud83d\udc49 Hos <strong>WMA Connection<\/strong> w czym pomo\u017cemy:<\/p><ul class=\"wp-block-list\"><li>Wniosek o podatek F<\/li>\n\n<li>Porady dotycz\u0105ce podatku FA<\/li>\n\n<li>Ksi\u0119gowo\u015b\u0107 cyfrowa i raportowanie VAT<\/li><\/ul><hr class=\"wp-block-separator has-alpha-channel-opacity\"\/><h3 class=\"wp-block-heading\">Zarezerwuj bezp\u0142atn\u0105 konsultacj\u0119<\/h3><p>Nie jeste\u015b pewien, co robi\u0107? Zarezerwuj <strong>30-minutowa konsultacja telefoniczna<\/strong> z naszymi konsultantami ksi\u0119gowymi - pomagamy krok po kroku!<\/p><p><\/p>","protected":false},"excerpt":{"rendered":"<p>Att ha F-skatt \u00e4r en grundf\u00f6ruts\u00e4ttning f\u00f6r att bedriva n\u00e4ringsverksamhet i Sverige som egenf\u00f6retagare. Det \u00e4r ett bevis p\u00e5 att [&hellip;]<\/p>\n","protected":false},"author":73,"featured_media":550,"comment_status":"open","ping_status":"open","sticky":false,"template":"","format":"standard","meta":{"_uag_custom_page_level_css":"","site-sidebar-layout":"default","site-content-layout":"","ast-site-content-layout":"","site-content-style":"default","site-sidebar-style":"default","ast-global-header-display":"","ast-banner-title-visibility":"","ast-main-header-display":"","ast-hfb-above-header-display":"","ast-hfb-below-header-display":"","ast-hfb-mobile-header-display":"","site-post-title":"","ast-breadcrumbs-content":"","ast-featured-img":"disabled","footer-sml-layout":"","ast-disable-related-posts":"","theme-transparent-header-meta":"","adv-header-id-meta":"","stick-header-meta":"","header-above-stick-meta":"","header-main-stick-meta":"","header-below-stick-meta":"","astra-migrate-meta-layouts":"default","ast-page-background-enabled":"default","ast-page-background-meta":{"desktop":{"background-color":"var(--ast-global-color-4)","background-image":"","background-repeat":"repeat","background-position":"center center","background-size":"auto","background-attachment":"scroll","background-type":"","background-media":"","overlay-type":"","overlay-color":"","overlay-opacity":"","overlay-gradient":""},"tablet":{"background-color":"","background-image":"","background-repeat":"repeat","background-position":"center center","background-size":"auto","background-attachment":"scroll","background-type":"","background-media":"","overlay-type":"","overlay-color":"","overlay-opacity":"","overlay-gradient":""},"mobile":{"background-color":"","background-image":"","background-repeat":"repeat","background-position":"center center","background-size":"auto","background-attachment":"scroll","background-type":"","background-media":"","overlay-type":"","overlay-color":"","overlay-opacity":"","overlay-gradient":""}},"ast-content-background-meta":{"desktop":{"background-color":"var(--ast-global-color-5)","background-image":"","background-repeat":"repeat","background-position":"center center","background-size":"auto","background-attachment":"scroll","background-type":"","background-media":"","overlay-type":"","overlay-color":"","overlay-opacity":"","overlay-gradient":""},"tablet":{"background-color":"var(--ast-global-color-5)","background-image":"","background-repeat":"repeat","background-position":"center center","background-size":"auto","background-attachment":"scroll","background-type":"","background-media":"","overlay-type":"","overlay-color":"","overlay-opacity":"","overlay-gradient":""},"mobile":{"background-color":"var(--ast-global-color-5)","background-image":"","background-repeat":"repeat","background-position":"center center","background-size":"auto","background-attachment":"scroll","background-type":"","background-media":"","overlay-type":"","overlay-color":"","overlay-opacity":"","overlay-gradient":""}},"footnotes":""},"categories":[4],"tags":[9,12,13,11,14],"class_list":["post-518","post","type-post","status-publish","format-standard","has-post-thumbnail","hentry","category-general","tag-egenforetagare-sverige","tag-f-skatt","tag-f-skattsedel","tag-starta-foretag-skatteverket","tag-vad-ar-f-skatt"],"uagb_featured_image_src":{"full":["https:\/\/wmaconnection.se\/wp-content\/uploads\/2025\/05\/aaa60e19-9d34-4a9b-be3c-66d75077c805_wynik.webp",1024,1024,false],"thumbnail":["https:\/\/wmaconnection.se\/wp-content\/uploads\/2025\/05\/aaa60e19-9d34-4a9b-be3c-66d75077c805_wynik-150x150.webp",150,150,true],"medium":["https:\/\/wmaconnection.se\/wp-content\/uploads\/2025\/05\/aaa60e19-9d34-4a9b-be3c-66d75077c805_wynik-300x300.webp",300,300,true],"medium_large":["https:\/\/wmaconnection.se\/wp-content\/uploads\/2025\/05\/aaa60e19-9d34-4a9b-be3c-66d75077c805_wynik-768x768.webp",768,768,true],"large":["https:\/\/wmaconnection.se\/wp-content\/uploads\/2025\/05\/aaa60e19-9d34-4a9b-be3c-66d75077c805_wynik.webp",1024,1024,false],"1536x1536":["https:\/\/wmaconnection.se\/wp-content\/uploads\/2025\/05\/aaa60e19-9d34-4a9b-be3c-66d75077c805_wynik.webp",1024,1024,false],"2048x2048":["https:\/\/wmaconnection.se\/wp-content\/uploads\/2025\/05\/aaa60e19-9d34-4a9b-be3c-66d75077c805_wynik.webp",1024,1024,false],"trp-custom-language-flag":["https:\/\/wmaconnection.se\/wp-content\/uploads\/2025\/05\/aaa60e19-9d34-4a9b-be3c-66d75077c805_wynik-12x12.webp",12,12,true],"woocommerce_thumbnail":["https:\/\/wmaconnection.se\/wp-content\/uploads\/2025\/05\/aaa60e19-9d34-4a9b-be3c-66d75077c805_wynik.webp",300,300,false],"woocommerce_single":["https:\/\/wmaconnection.se\/wp-content\/uploads\/2025\/05\/aaa60e19-9d34-4a9b-be3c-66d75077c805_wynik.webp",600,600,false],"woocommerce_gallery_thumbnail":["https:\/\/wmaconnection.se\/wp-content\/uploads\/2025\/05\/aaa60e19-9d34-4a9b-be3c-66d75077c805_wynik.webp",100,100,false]},"uagb_author_info":{"display_name":"Leszek","author_link":"https:\/\/wmaconnection.se\/pl\/author\/leszek\/"},"uagb_comment_info":0,"uagb_excerpt":"Att ha F-skatt \u00e4r en grundf\u00f6ruts\u00e4ttning f\u00f6r att bedriva n\u00e4ringsverksamhet i Sverige som egenf\u00f6retagare. Det \u00e4r ett bevis p\u00e5 att [&hellip;]","_links":{"self":[{"href":"https:\/\/wmaconnection.se\/pl\/wp-json\/wp\/v2\/posts\/518","targetHints":{"allow":["GET"]}}],"collection":[{"href":"https:\/\/wmaconnection.se\/pl\/wp-json\/wp\/v2\/posts"}],"about":[{"href":"https:\/\/wmaconnection.se\/pl\/wp-json\/wp\/v2\/types\/post"}],"author":[{"embeddable":true,"href":"https:\/\/wmaconnection.se\/pl\/wp-json\/wp\/v2\/users\/73"}],"replies":[{"embeddable":true,"href":"https:\/\/wmaconnection.se\/pl\/wp-json\/wp\/v2\/comments?post=518"}],"version-history":[{"count":3,"href":"https:\/\/wmaconnection.se\/pl\/wp-json\/wp\/v2\/posts\/518\/revisions"}],"predecessor-version":[{"id":555,"href":"https:\/\/wmaconnection.se\/pl\/wp-json\/wp\/v2\/posts\/518\/revisions\/555"}],"wp:featuredmedia":[{"embeddable":true,"href":"https:\/\/wmaconnection.se\/pl\/wp-json\/wp\/v2\/media\/550"}],"wp:attachment":[{"href":"https:\/\/wmaconnection.se\/pl\/wp-json\/wp\/v2\/media?parent=518"}],"wp:term":[{"taxonomy":"category","embeddable":true,"href":"https:\/\/wmaconnection.se\/pl\/wp-json\/wp\/v2\/categories?post=518"},{"taxonomy":"post_tag","embeddable":true,"href":"https:\/\/wmaconnection.se\/pl\/wp-json\/wp\/v2\/tags?post=518"}],"curies":[{"name":"wp","href":"https:\/\/api.w.org\/{rel}","templated":true}]}}